{"id":3685,"date":"2025-11-25T09:58:22","date_gmt":"2025-11-25T06:58:22","guid":{"rendered":"https:\/\/www.renama.com.tr\/?p=3685"},"modified":"2025-11-27T06:24:51","modified_gmt":"2025-11-27T03:24:51","slug":"yeni-serbest-tuketici-limiti-duzenlemesi-ve-1-000-tl-uzeri-faturalara-etkisi","status":"publish","type":"post","link":"https:\/\/www.renama.com.tr\/?p=3685","title":{"rendered":"Yeni Serbest T\u00fcketici Limiti D\u00fczenlemesi ve 1.000 TL \u00dczeri Faturalara Etkisi"},"content":{"rendered":"\n<p>1 Ocak 2026\u2019da y\u00fcr\u00fcrl\u00fc\u011fe girecek d\u00fczenleme ile y\u0131ll\u0131k 4.000 kWh olan yeni serbest t\u00fcketici limitini a\u015fan aboneler devlet deste\u011finden \u00e7\u0131kar\u0131l\u0131yor. Pratikte bu durum, ayl\u0131k ortalama 333 kWh t\u00fcketim yapan ve faturas\u0131 1.000 TL civar\u0131nda gelen hanelerin &#8220;y\u00fcksek t\u00fcketimli&#8221; say\u0131larak ger\u00e7ek piyasa maliyetleriyle kar\u015f\u0131la\u015fmas\u0131 demek. Destek kalkt\u0131\u011f\u0131nda, t\u00fcketim al\u0131\u015fkanl\u0131\u011f\u0131n\u0131z de\u011fi\u015fmese bile \u00f6deyece\u011finiz tutar\u0131n neredeyse ikiye katlanma riski bulunuyor.<\/p>\n\n\n\n<p>Renama Enerji olarak, artan maliyetlerden ve bu fiyat art\u0131\u015f\u0131 riskinden kurtulman\u0131n en kesin \u00e7\u00f6z\u00fcm\u00fcn\u00fcn g\u00fcne\u015f enerjisi oldu\u011funu hat\u0131rlat\u0131r\u0131z. Kurdu\u011fumuz hibrit sistemlerle \u015febekeye ve zamlara ba\u011f\u0131ml\u0131 kalmadan kendi elektri\u011finizi \u00fcretebilir, limit derdi olmadan enerjinizi kullanabilirsiniz. Fatura maliyetlerini d\u00fc\u015f\u00fcrmek ve size \u00f6zel \u00e7\u00f6z\u00fcmlerimiz i\u00e7in bizimle ileti\u015fime ge\u00e7in.<\/p>\n\n\n\n<figure class=\"wp-block-image size-large\"><img loading=\"lazy\" decoding=\"async\" width=\"1024\" height=\"501\" src=\"https:\/\/www.renama.com.tr\/wp-content\/uploads\/2025\/11\/4kwhlimit-1024x501.png\" alt=\"\" class=\"wp-image-3686\" srcset=\"https:\/\/www.renama.com.tr\/wp-content\/uploads\/2025\/11\/4kwhlimit-1024x501.png 1024w, https:\/\/www.renama.com.tr\/wp-content\/uploads\/2025\/11\/4kwhlimit-300x147.png 300w, https:\/\/www.renama.com.tr\/wp-content\/uploads\/2025\/11\/4kwhlimit-768x376.png 768w, https:\/\/www.renama.com.tr\/wp-content\/uploads\/2025\/11\/4kwhlimit-1536x751.png 1536w, https:\/\/www.renama.com.tr\/wp-content\/uploads\/2025\/11\/4kwhlimit-2048x1002.png 2048w, https:\/\/www.renama.com.tr\/wp-content\/uploads\/2025\/11\/4kwhlimit-280x137.png 280w, https:\/\/www.renama.com.tr\/wp-content\/uploads\/2025\/11\/4kwhlimit-1170x572.png 1170w\" sizes=\"auto, (max-width: 1024px) 100vw, 1024px\" \/><\/figure>\n","protected":false},"excerpt":{"rendered":"<p>1 Ocak 2026\u2019da y\u00fcr\u00fcrl\u00fc\u011fe girecek d\u00fczenleme ile y\u0131ll\u0131k 4.000 kWh olan yeni serbest t\u00fcketici limitini a\u015fan aboneler devlet deste\u011finden \u00e7\u0131kar\u0131l\u0131yor. Pratikte bu durum, ayl\u0131k ortalama 333 kWh t\u00fcketim yapan ve faturas\u0131 1.000 TL civar\u0131nda gelen hanelerin &#8220;y\u00fcksek t\u00fcketimli&#8221; say\u0131larak ger\u00e7ek piyasa maliyetleriyle kar\u015f\u0131la\u015fmas\u0131 demek. Destek kalkt\u0131\u011f\u0131nda, t\u00fcketim al\u0131\u015fkanl\u0131\u011f\u0131n\u0131z de\u011fi\u015fmese bile \u00f6deyece\u011finiz tutar\u0131n neredeyse ikiye katlanma<\/p>\n","protected":false},"author":2,"featured_media":0,"comment_status":"closed","ping_status":"closed","sticky":false,"template":"","format":"standard","meta":{"footnotes":""},"categories":[505],"tags":[],"class_list":["post-3685","post","type-post","status-publish","format-standard","hentry","category-gunes-enerji-sistemleri-haberleri"],"_links":{"self":[{"href":"https:\/\/www.renama.com.tr\/index.php?rest_route=\/wp\/v2\/posts\/3685","targetHints":{"allow":["GET"]}}],"collection":[{"href":"https:\/\/www.renama.com.tr\/index.php?rest_route=\/wp\/v2\/posts"}],"about":[{"href":"https:\/\/www.renama.com.tr\/index.php?rest_route=\/wp\/v2\/types\/post"}],"author":[{"embeddable":true,"href":"https:\/\/www.renama.com.tr\/index.php?rest_route=\/wp\/v2\/users\/2"}],"replies":[{"embeddable":true,"href":"https:\/\/www.renama.com.tr\/index.php?rest_route=%2Fwp%2Fv2%2Fcomments&post=3685"}],"version-history":[{"count":2,"href":"https:\/\/www.renama.com.tr\/index.php?rest_route=\/wp\/v2\/posts\/3685\/revisions"}],"predecessor-version":[{"id":3688,"href":"https:\/\/www.renama.com.tr\/index.php?rest_route=\/wp\/v2\/posts\/3685\/revisions\/3688"}],"wp:attachment":[{"href":"https:\/\/www.renama.com.tr\/index.php?rest_route=%2Fwp%2Fv2%2Fmedia&parent=3685"}],"wp:term":[{"taxonomy":"category","embeddable":true,"href":"https:\/\/www.renama.com.tr\/index.php?rest_route=%2Fwp%2Fv2%2Fcategories&post=3685"},{"taxonomy":"post_tag","embeddable":true,"href":"https:\/\/www.renama.com.tr\/index.php?rest_route=%2Fwp%2Fv2%2Ftags&post=3685"}],"curies":[{"name":"wp","href":"https:\/\/api.w.org\/{rel}","templated":true}]}}